{"id":3177,"date":"2020-08-25T07:11:43","date_gmt":"2020-08-25T05:11:43","guid":{"rendered":"http:\/\/urbex-team-bremen-nord.de\/?p=3177"},"modified":"2020-08-25T07:11:43","modified_gmt":"2020-08-25T05:11:43","slug":"kraftfuttermischfabrik-f","status":"publish","type":"post","link":"https:\/\/urbex-team-bremen-nord.de\/?p=3177","title":{"rendered":"Kraftfuttermischfabrik F."},"content":{"rendered":"\n<div class=\"wp-block-image\"><figure class=\"alignleft size-medium\"><img loading=\"lazy\" decoding=\"async\" width=\"300\" height=\"200\" src=\"https:\/\/urbex-team-bremen-nord.de\/wp-content\/uploads\/2020\/08\/DSC_0046_HDR-300x200.jpg\" alt=\"\" class=\"wp-image-3163\" srcset=\"https:\/\/urbex-team-bremen-nord.de\/wp-content\/uploads\/2020\/08\/DSC_0046_HDR-300x200.jpg 300w, https:\/\/urbex-team-bremen-nord.de\/wp-content\/uploads\/2020\/08\/DSC_0046_HDR-1024x684.jpg 1024w, https:\/\/urbex-team-bremen-nord.de\/wp-content\/uploads\/2020\/08\/DSC_0046_HDR-768x513.jpg 768w, https:\/\/urbex-team-bremen-nord.de\/wp-content\/uploads\/2020\/08\/DSC_0046_HDR-2048x1367.jpg 2048w\" sizes=\"auto, (max-width: 300px) 100vw, 300px\" \/><\/figure><\/div>\n\n\n\n<p>Bereits von der Stra\u00dfe aus kann man die stark zerfallene Industrieruine gut erkennen.<br>Fr\u00fcher transportierten hier Schiffe das Getreide \u00fcber eine angrenzende Wasserstra\u00dfe&#8230;<\/p>\n\n\n\n<p><\/p>\n\n\n\n<p>(<a href=\"https:\/\/urbex-team-bremen-nord.de\/?page_id=3174\" data-type=\"page\" data-id=\"3174\">zur Galerie<\/a>)<\/p>\n","protected":false},"excerpt":{"rendered":"<p>Bereits von der Stra\u00dfe aus kann man die stark zerfallene Industrieruine gut erkennen.Fr\u00fcher transportierten hier Schiffe das Getreide \u00fcber eine angrenzende Wasserstra\u00dfe&#8230; (zur Galerie)<\/p>\n","protected":false},"author":1,"featured_media":0,"comment_status":"closed","ping_status":"closed","sticky":false,"template":"","format":"standard","meta":{"ngg_post_thumbnail":0,"footnotes":""},"categories":[1],"tags":[],"class_list":["post-3177","post","type-post","status-publish","format-standard","hentry","category-uncategorized"],"_links":{"self":[{"href":"https:\/\/urbex-team-bremen-nord.de\/index.php?rest_route=\/wp\/v2\/posts\/3177","targetHints":{"allow":["GET"]}}],"collection":[{"href":"https:\/\/urbex-team-bremen-nord.de\/index.php?rest_route=\/wp\/v2\/posts"}],"about":[{"href":"https:\/\/urbex-team-bremen-nord.de\/index.php?rest_route=\/wp\/v2\/types\/post"}],"author":[{"embeddable":true,"href":"https:\/\/urbex-team-bremen-nord.de\/index.php?rest_route=\/wp\/v2\/users\/1"}],"replies":[{"embeddable":true,"href":"https:\/\/urbex-team-bremen-nord.de\/index.php?rest_route=%2Fwp%2Fv2%2Fcomments&post=3177"}],"version-history":[{"count":1,"href":"https:\/\/urbex-team-bremen-nord.de\/index.php?rest_route=\/wp\/v2\/posts\/3177\/revisions"}],"predecessor-version":[{"id":3178,"href":"https:\/\/urbex-team-bremen-nord.de\/index.php?rest_route=\/wp\/v2\/posts\/3177\/revisions\/3178"}],"wp:attachment":[{"href":"https:\/\/urbex-team-bremen-nord.de\/index.php?rest_route=%2Fwp%2Fv2%2Fmedia&parent=3177"}],"wp:term":[{"taxonomy":"category","embeddable":true,"href":"https:\/\/urbex-team-bremen-nord.de\/index.php?rest_route=%2Fwp%2Fv2%2Fcategories&post=3177"},{"taxonomy":"post_tag","embeddable":true,"href":"https:\/\/urbex-team-bremen-nord.de\/index.php?rest_route=%2Fwp%2Fv2%2Ftags&post=3177"}],"curies":[{"name":"wp","href":"https:\/\/api.w.org\/{rel}","templated":true}]}}