{"id":2399,"date":"2018-12-15T16:26:10","date_gmt":"2018-12-15T15:26:10","guid":{"rendered":"http:\/\/urbex-team-bremen-nord.de\/?p=2399"},"modified":"2018-12-24T16:28:02","modified_gmt":"2018-12-24T15:28:02","slug":"freudenhaus-b","status":"publish","type":"post","link":"https:\/\/urbex-team-bremen-nord.de\/?p=2399","title":{"rendered":"Freudenhaus B."},"content":{"rendered":"<p><img loading=\"lazy\" decoding=\"async\" class=\"size-medium wp-image-2372 alignleft\" src=\"https:\/\/urbex-team-bremen-nord.de\/wp-content\/uploads\/2018\/12\/DSC_6235_HDR-300x200.jpg\" alt=\"\" width=\"300\" height=\"200\" srcset=\"https:\/\/urbex-team-bremen-nord.de\/wp-content\/uploads\/2018\/12\/DSC_6235_HDR-300x200.jpg 300w, https:\/\/urbex-team-bremen-nord.de\/wp-content\/uploads\/2018\/12\/DSC_6235_HDR-768x512.jpg 768w, https:\/\/urbex-team-bremen-nord.de\/wp-content\/uploads\/2018\/12\/DSC_6235_HDR-1024x683.jpg 1024w\" sizes=\"auto, (max-width: 300px) 100vw, 300px\" \/>Dieses Etablissement hat eine dunkle Geschichte \u2013 Anfang der 1990er Jahre<span class=\"text_exposed_show\"> wurde hier ein \u00e4u\u00dferst brutaler \u00dcberfall ver\u00fcbt bei dem die Tageseinnahmen von ungef\u00e4hr 5.000 Mark im Visier der drei T\u00e4ter standen. Die T\u00e4ter bedrohten die Angestellten und G\u00e4ste und sperrten sie in einen Nebenraum&#8230;<\/span><\/p>\n<p>(<a href=\"https:\/\/urbex-team-bremen-nord.de\/?page_id=2359\">zur Galerie<\/a>)<\/p>\n","protected":false},"excerpt":{"rendered":"<p>Dieses Etablissement hat eine dunkle Geschichte \u2013 Anfang der 1990er Jahre wurde hier ein \u00e4u\u00dferst brutaler \u00dcberfall ver\u00fcbt bei dem die Tageseinnahmen von ungef\u00e4hr 5.000 Mark im Visier der drei T\u00e4ter standen. Die T\u00e4ter bedrohten die Angestellten und G\u00e4ste und sperrten sie in einen Nebenraum&#8230; (zur Galerie)<\/p>\n","protected":false},"author":1,"featured_media":0,"comment_status":"closed","ping_status":"closed","sticky":false,"template":"","format":"standard","meta":{"ngg_post_thumbnail":0,"footnotes":""},"categories":[1],"tags":[],"class_list":["post-2399","post","type-post","status-publish","format-standard","hentry","category-uncategorized"],"_links":{"self":[{"href":"https:\/\/urbex-team-bremen-nord.de\/index.php?rest_route=\/wp\/v2\/posts\/2399","targetHints":{"allow":["GET"]}}],"collection":[{"href":"https:\/\/urbex-team-bremen-nord.de\/index.php?rest_route=\/wp\/v2\/posts"}],"about":[{"href":"https:\/\/urbex-team-bremen-nord.de\/index.php?rest_route=\/wp\/v2\/types\/post"}],"author":[{"embeddable":true,"href":"https:\/\/urbex-team-bremen-nord.de\/index.php?rest_route=\/wp\/v2\/users\/1"}],"replies":[{"embeddable":true,"href":"https:\/\/urbex-team-bremen-nord.de\/index.php?rest_route=%2Fwp%2Fv2%2Fcomments&post=2399"}],"version-history":[{"count":1,"href":"https:\/\/urbex-team-bremen-nord.de\/index.php?rest_route=\/wp\/v2\/posts\/2399\/revisions"}],"predecessor-version":[{"id":2400,"href":"https:\/\/urbex-team-bremen-nord.de\/index.php?rest_route=\/wp\/v2\/posts\/2399\/revisions\/2400"}],"wp:attachment":[{"href":"https:\/\/urbex-team-bremen-nord.de\/index.php?rest_route=%2Fwp%2Fv2%2Fmedia&parent=2399"}],"wp:term":[{"taxonomy":"category","embeddable":true,"href":"https:\/\/urbex-team-bremen-nord.de\/index.php?rest_route=%2Fwp%2Fv2%2Fcategories&post=2399"},{"taxonomy":"post_tag","embeddable":true,"href":"https:\/\/urbex-team-bremen-nord.de\/index.php?rest_route=%2Fwp%2Fv2%2Ftags&post=2399"}],"curies":[{"name":"wp","href":"https:\/\/api.w.org\/{rel}","templated":true}]}}